{"id":1275,"date":"2022-10-25T10:24:55","date_gmt":"2022-10-25T10:24:55","guid":{"rendered":"https:\/\/biaaf.com\/whats-on\/moda-y-nuevos-materiales-diseno-del-futuro\/"},"modified":"2023-08-11T10:29:48","modified_gmt":"2023-08-11T10:29:48","slug":"moda-y-nuevos-materiales-diseno-del-futuro","status":"publish","type":"news","link":"https:\/\/biaaf.com\/es\/whats-on\/moda-y-nuevos-materiales-diseno-del-futuro\/","title":{"rendered":"Moda y nuevos materiales. Dise\u00f1o del futuro"},"content":{"rendered":"<p>\u00bfEs posible transformar la moda hacia un futuro sostenible e innovador? Este y otros retos se han compartido el 18 de noviembre en la sesi\u00f3n organizada por BIAAF en colaboraci\u00f3n con Basque BioDesign Center dentro de la Bilbao Bizkaia Design Week 2022.<\/p>\n<p>Jef Montes, ganador de la VIII Edici\u00f3n del Concurso Internacional de Moda BIAAF y director creativo de Studio Adpative Skins, ha sido el ponente invitado. Desde su perspectiva creativa y art\u00edstica, abord\u00f3 como desde su estudio de arquitectura textil desarrolla sus propios dise\u00f1os utilizando materiales receptivos, adem\u00e1s de ofrecer una amplia gama de materiales biodegradables y servicios de desarrollo de producci\u00f3n innovadora a otras plataformas y empresas. La sostenibilidad, el dise\u00f1o \u201cZero Waste\u201d y el upcycling, est\u00e1n en el centro de cada proyecto.<\/p>\n<p><img decoding=\"async\" class=\"alignnone size-full wp-image-1271\" src=\"https:\/\/biaaf.com\/wp-content\/uploads\/2023\/08\/JEFF-MONTES_2_01.jpg\" alt=\"\" width=\"1000\" height=\"1600\" srcset=\"https:\/\/biaaf.com\/wp-content\/uploads\/2023\/08\/JEFF-MONTES_2_01.jpg 1000w, https:\/\/biaaf.com\/wp-content\/uploads\/2023\/08\/JEFF-MONTES_2_01-768x1229.jpg 768w, https:\/\/biaaf.com\/wp-content\/uploads\/2023\/08\/JEFF-MONTES_2_01-960x1536.jpg 960w\" sizes=\"(max-width: 1000px) 100vw, 1000px\" \/><\/p>\n<p>Al finalizar la conferencia, se present\u00f3 a la ganadora del Tanween Challenge, un reto sobre BioModa y Tecnolog\u00eda, que dirigi\u00f3 el BDC en Ithra, Arabia Saudi. La premiada, Manahel Algassem cont\u00f3 c\u00f3mo fue el proceso creativo de su dise\u00f1o ganador, un bolso con cuero de Kombucha, inspirado por la cultura y el patrimonio saud\u00edes.<\/p>\n<p><img decoding=\"async\" class=\"alignnone size-full wp-image-1269\" src=\"https:\/\/biaaf.com\/wp-content\/uploads\/2023\/08\/biaaf31.jpeg\" alt=\"\" width=\"410\" height=\"247\" \/><\/p>\n<p>La sesi\u00f3n se transmiti\u00f3 en directo v\u00eda streaming, y a continuaci\u00f3n se celebr\u00f3 un taller interactivo junto a los dos artistas.<\/p>\n<p>Pod\u00e9is ver la conferencia en diferido\u00a0<a href=\"https:\/\/youtu.be\/_PbXRgHCP0w\">en este enlace.<\/a><\/p>\n","protected":false},"featured_media":1268,"template":"","meta":[],"yoast_head":"<!-- This site is optimized with the Yoast SEO plugin v21.2 - https:\/\/yoast.com\/wordpress\/plugins\/seo\/ -->\n<title>Moda y nuevos materiales. Dise\u00f1o del futuro &#8211; BIAAF<\/title>\n<meta name=\"robots\" content=\"index, follow, max-snippet:-1, max-image-preview:large, max-video-preview:-1\" \/>\n<link rel=\"canonical\" href=\"https:\/\/biaaf.com\/es\/whats-on\/moda-y-nuevos-materiales-diseno-del-futuro\/\" \/>\n<meta property=\"og:locale\" content=\"es_ES\" \/>\n<meta property=\"og:type\" content=\"article\" \/>\n<meta property=\"og:title\" content=\"Moda y nuevos materiales. Dise\u00f1o del futuro &#8211; BIAAF\" \/>\n<meta property=\"og:description\" content=\"\u00bfEs posible transformar la moda hacia un futuro sostenible e innovador? Este y otros retos se han compartido el 18 de noviembre en la sesi\u00f3n organizada por BIAAF en colaboraci\u00f3n con Basque BioDesign Center dentro de la Bilbao Bizkaia Design Week 2022. Jef Montes, ganador de la VIII Edici\u00f3n del Concurso Internacional de Moda BIAAF [&hellip;]\" \/>\n<meta property=\"og:url\" content=\"https:\/\/biaaf.com\/es\/whats-on\/moda-y-nuevos-materiales-diseno-del-futuro\/\" \/>\n<meta property=\"og:site_name\" content=\"BIAAF\" \/>\n<meta property=\"article:publisher\" content=\"https:\/\/www.facebook.com\/bilbaobiaaf\" \/>\n<meta property=\"article:modified_time\" content=\"2023-08-11T10:29:48+00:00\" \/>\n<meta property=\"og:image\" content=\"https:\/\/biaaf.com\/wp-content\/uploads\/2023\/08\/biaaf3.jpeg\" \/>\n\t<meta property=\"og:image:width\" content=\"1073\" \/>\n\t<meta property=\"og:image:height\" content=\"249\" \/>\n\t<meta property=\"og:image:type\" content=\"image\/jpeg\" \/>\n<meta name=\"twitter:card\" content=\"summary_large_image\" \/>\n<meta name=\"twitter:site\" content=\"@biaafbilbao\" \/>\n<meta name=\"twitter:label1\" content=\"Est. reading time\" \/>\n\t<meta name=\"twitter:data1\" content=\"1 minute\" \/>\n<script type=\"application\/ld+json\" class=\"yoast-schema-graph\">{\"@context\":\"https:\/\/schema.org\",\"@graph\":[{\"@type\":\"WebPage\",\"@id\":\"https:\/\/biaaf.com\/es\/whats-on\/moda-y-nuevos-materiales-diseno-del-futuro\/\",\"url\":\"https:\/\/biaaf.com\/es\/whats-on\/moda-y-nuevos-materiales-diseno-del-futuro\/\",\"name\":\"Moda y nuevos materiales. Dise\u00f1o del futuro &#8211; BIAAF\",\"isPartOf\":{\"@id\":\"https:\/\/biaaf.com\/es\/#website\"},\"datePublished\":\"2022-10-25T10:24:55+00:00\",\"dateModified\":\"2023-08-11T10:29:48+00:00\",\"breadcrumb\":{\"@id\":\"https:\/\/biaaf.com\/es\/whats-on\/moda-y-nuevos-materiales-diseno-del-futuro\/#breadcrumb\"},\"inLanguage\":\"es-ES\",\"potentialAction\":[{\"@type\":\"ReadAction\",\"target\":[\"https:\/\/biaaf.com\/es\/whats-on\/moda-y-nuevos-materiales-diseno-del-futuro\/\"]}]},{\"@type\":\"BreadcrumbList\",\"@id\":\"https:\/\/biaaf.com\/es\/whats-on\/moda-y-nuevos-materiales-diseno-del-futuro\/#breadcrumb\",\"itemListElement\":[{\"@type\":\"ListItem\",\"position\":1,\"name\":\"Home\",\"item\":\"https:\/\/biaaf.com\/es\/\"},{\"@type\":\"ListItem\",\"position\":2,\"name\":\"News\",\"item\":\"https:\/\/biaaf.com\/es\/whats-on\/\"},{\"@type\":\"ListItem\",\"position\":3,\"name\":\"Moda y nuevos materiales. Dise\u00f1o del futuro\"}]},{\"@type\":\"WebSite\",\"@id\":\"https:\/\/biaaf.com\/es\/#website\",\"url\":\"https:\/\/biaaf.com\/es\/\",\"name\":\"BIAAF - Bilbao International Art And Fashion\",\"description\":\"Bilbao International Art And Fashion\",\"publisher\":{\"@id\":\"https:\/\/biaaf.com\/es\/#organization\"},\"alternateName\":\"BIAAF\",\"potentialAction\":[{\"@type\":\"SearchAction\",\"target\":{\"@type\":\"EntryPoint\",\"urlTemplate\":\"https:\/\/biaaf.com\/es\/?s={search_term_string}\"},\"query-input\":\"required name=search_term_string\"}],\"inLanguage\":\"es-ES\"},{\"@type\":\"Organization\",\"@id\":\"https:\/\/biaaf.com\/es\/#organization\",\"name\":\"BIAAF - Bilbao International Art And Fashion\",\"alternateName\":\"BIAAF\",\"url\":\"https:\/\/biaaf.com\/es\/\",\"logo\":{\"@type\":\"ImageObject\",\"inLanguage\":\"es-ES\",\"@id\":\"https:\/\/biaaf.com\/es\/#\/schema\/logo\/image\/\",\"url\":\"https:\/\/biaaf.com\/wp-content\/uploads\/2023\/05\/screenshot.png\",\"contentUrl\":\"https:\/\/biaaf.com\/wp-content\/uploads\/2023\/05\/screenshot.png\",\"width\":1200,\"height\":900,\"caption\":\"BIAAF - Bilbao International Art And Fashion\"},\"image\":{\"@id\":\"https:\/\/biaaf.com\/es\/#\/schema\/logo\/image\/\"},\"sameAs\":[\"https:\/\/www.facebook.com\/bilbaobiaaf\",\"https:\/\/twitter.com\/biaafbilbao\"]}]}<\/script>\n<!-- \/ Yoast SEO plugin. -->","yoast_head_json":{"title":"Moda y nuevos materiales. Dise\u00f1o del futuro &#8211; BIAAF","robots":{"index":"index","follow":"follow","max-snippet":"max-snippet:-1","max-image-preview":"max-image-preview:large","max-video-preview":"max-video-preview:-1"},"canonical":"https:\/\/biaaf.com\/es\/whats-on\/moda-y-nuevos-materiales-diseno-del-futuro\/","og_locale":"es_ES","og_type":"article","og_title":"Moda y nuevos materiales. Dise\u00f1o del futuro &#8211; BIAAF","og_description":"\u00bfEs posible transformar la moda hacia un futuro sostenible e innovador? Este y otros retos se han compartido el 18 de noviembre en la sesi\u00f3n organizada por BIAAF en colaboraci\u00f3n con Basque BioDesign Center dentro de la Bilbao Bizkaia Design Week 2022. Jef Montes, ganador de la VIII Edici\u00f3n del Concurso Internacional de Moda BIAAF [&hellip;]","og_url":"https:\/\/biaaf.com\/es\/whats-on\/moda-y-nuevos-materiales-diseno-del-futuro\/","og_site_name":"BIAAF","article_publisher":"https:\/\/www.facebook.com\/bilbaobiaaf","article_modified_time":"2023-08-11T10:29:48+00:00","og_image":[{"width":1073,"height":249,"url":"https:\/\/biaaf.com\/wp-content\/uploads\/2023\/08\/biaaf3.jpeg","type":"image\/jpeg"}],"twitter_card":"summary_large_image","twitter_site":"@biaafbilbao","twitter_misc":{"Est. reading time":"1 minute"},"schema":{"@context":"https:\/\/schema.org","@graph":[{"@type":"WebPage","@id":"https:\/\/biaaf.com\/es\/whats-on\/moda-y-nuevos-materiales-diseno-del-futuro\/","url":"https:\/\/biaaf.com\/es\/whats-on\/moda-y-nuevos-materiales-diseno-del-futuro\/","name":"Moda y nuevos materiales. Dise\u00f1o del futuro &#8211; BIAAF","isPartOf":{"@id":"https:\/\/biaaf.com\/es\/#website"},"datePublished":"2022-10-25T10:24:55+00:00","dateModified":"2023-08-11T10:29:48+00:00","breadcrumb":{"@id":"https:\/\/biaaf.com\/es\/whats-on\/moda-y-nuevos-materiales-diseno-del-futuro\/#breadcrumb"},"inLanguage":"es-ES","potentialAction":[{"@type":"ReadAction","target":["https:\/\/biaaf.com\/es\/whats-on\/moda-y-nuevos-materiales-diseno-del-futuro\/"]}]},{"@type":"BreadcrumbList","@id":"https:\/\/biaaf.com\/es\/whats-on\/moda-y-nuevos-materiales-diseno-del-futuro\/#breadcrumb","itemListElement":[{"@type":"ListItem","position":1,"name":"Home","item":"https:\/\/biaaf.com\/es\/"},{"@type":"ListItem","position":2,"name":"News","item":"https:\/\/biaaf.com\/es\/whats-on\/"},{"@type":"ListItem","position":3,"name":"Moda y nuevos materiales. Dise\u00f1o del futuro"}]},{"@type":"WebSite","@id":"https:\/\/biaaf.com\/es\/#website","url":"https:\/\/biaaf.com\/es\/","name":"BIAAF - Bilbao International Art And Fashion","description":"Bilbao International Art And Fashion","publisher":{"@id":"https:\/\/biaaf.com\/es\/#organization"},"alternateName":"BIAAF","potentialAction":[{"@type":"SearchAction","target":{"@type":"EntryPoint","urlTemplate":"https:\/\/biaaf.com\/es\/?s={search_term_string}"},"query-input":"required name=search_term_string"}],"inLanguage":"es-ES"},{"@type":"Organization","@id":"https:\/\/biaaf.com\/es\/#organization","name":"BIAAF - Bilbao International Art And Fashion","alternateName":"BIAAF","url":"https:\/\/biaaf.com\/es\/","logo":{"@type":"ImageObject","inLanguage":"es-ES","@id":"https:\/\/biaaf.com\/es\/#\/schema\/logo\/image\/","url":"https:\/\/biaaf.com\/wp-content\/uploads\/2023\/05\/screenshot.png","contentUrl":"https:\/\/biaaf.com\/wp-content\/uploads\/2023\/05\/screenshot.png","width":1200,"height":900,"caption":"BIAAF - Bilbao International Art And Fashion"},"image":{"@id":"https:\/\/biaaf.com\/es\/#\/schema\/logo\/image\/"},"sameAs":["https:\/\/www.facebook.com\/bilbaobiaaf","https:\/\/twitter.com\/biaafbilbao"]}]}},"acf":[],"_links":{"self":[{"href":"https:\/\/biaaf.com\/es\/wp-json\/wp\/v2\/news\/1275"}],"collection":[{"href":"https:\/\/biaaf.com\/es\/wp-json\/wp\/v2\/news"}],"about":[{"href":"https:\/\/biaaf.com\/es\/wp-json\/wp\/v2\/types\/news"}],"version-history":[{"count":1,"href":"https:\/\/biaaf.com\/es\/wp-json\/wp\/v2\/news\/1275\/revisions"}],"predecessor-version":[{"id":1277,"href":"https:\/\/biaaf.com\/es\/wp-json\/wp\/v2\/news\/1275\/revisions\/1277"}],"wp:featuredmedia":[{"embeddable":true,"href":"https:\/\/biaaf.com\/es\/wp-json\/wp\/v2\/media\/1268"}],"wp:attachment":[{"href":"https:\/\/biaaf.com\/es\/wp-json\/wp\/v2\/media?parent=1275"}],"curies":[{"name":"wp","href":"https:\/\/api.w.org\/{rel}","templated":true}]}}